{"id":1524,"__str__":"1.Lei Ordin\u00e1ria n\u00ba 249, de 03 de mar\u00e7o de 2008","link_detail_backend":"/norma/1524","metadata":{},"texto_integral":"http://sapl.indiapora.sp.leg.br/media/sapl/public/normajuridica/2008/1524/1524_texto_integral.pdf","numero":"249","ano":2008,"esfera_federacao":"M","data":"2008-03-03","data_publicacao":null,"veiculo_publicacao":"","pagina_inicio_publicacao":null,"pagina_fim_publicacao":null,"ementa":"DISP\u00d5E SOBRE A CRIA\u00c7\u00c3O DO PROJETO &#8220;QUEM CANTA ENCANTA&#8221;, QUE INSTITUI NO \u00c2MBITO DO FUNDO MUNICIPAL DO DIREITO DA CRIAN\u00c7A E DO ADOLESCENTE, AULAS DE MUSICA E DA OUTRAS PROVIDENCIAS. AULAS DE M\u00daSICA I (VIOL\u00c3O E CORAL) E M\u00daSICA II (TECLADO E CORAL) E M\u00daSICA III (FLAUTA E CORAL), DESENVOLVIDAS COM PESSOAL DEVIDAMENTE HABILITADO, EM CAR\u00c1TER TEMPOR\u00c1RIO, EM DIAS E HOR\u00c1RIOS FIXADOS PELA PROMO\u00c7\u00c3O SOCIAL DO MUNIC\u00cdPIO E COM REMUNERA\u00c7\u00c3O CALCULADA NO SAL\u00c1RIO PEB I OU II, PAGA NA FORMA PROPORCIONAL \u00c0 JORNADA PADR\u00c3O DE 08 (OITO) HORAS DI\u00c1RIAS. FICA CRIADO A FUN\u00c7\u00c3O DE PROFESSOR DE M\u00daSICA CONFORME ANEXO I, QUE FICA FAZENDO PARTE INTEGRANTE DESTA LEI, QUE SER\u00c1 LOTADO EM CAR\u00c1TER TEMPOR\u00c1RIO, PELO PRAZO DE DURA\u00c7\u00c3O DE DOZE (12) MESES.\t","indexacao":"SERVIDORES - EDUCA\u00c7\u00c3O - PROJETOS","observacao":"","complemento":false,"data_vigencia":null,"timestamp":"2016-07-01T09:11:35-03:00","data_ultima_atualizacao":"2018-09-27T13:15:49.209925-03:00","ip":"","ultima_edicao":null,"tipo":1,"materia":null,"orgao":null,"user":null,"assuntos":[70,36,20],"autores":[]}