{"id":1221,"__str__":"1.Lei Ordin\u00e1ria n\u00ba 622, de 27 de setembro de 2013","link_detail_backend":"/norma/1221","metadata":{},"texto_integral":"http://sapl.indiapora.sp.leg.br/media/sapl/public/normajuridica/2013/1221/1221_texto_integral.pdf","numero":"622","ano":2013,"esfera_federacao":"M","data":"2013-09-27","data_publicacao":null,"veiculo_publicacao":"","pagina_inicio_publicacao":null,"pagina_fim_publicacao":null,"ementa":"DISP\u00d5E SOBRE AUTORIZA\u00c7\u00c3O PARA CELEBRAR CONV\u00caNIO DE IMPLANTA\u00c7\u00c3O DE POL\u00cdTICAS P\u00daBLICAS DE PROTE\u00c7\u00c3O DO MEIO AMBIENTE DE INTERESSE COMUM COM OS MUNIC\u00cdPIOS DE GUARANI D&#8217;OESTE, OUROESTE, POPULINA, TURMALINA, MIRA ESTRELA, FERNAND\u00d3POLIS, MES\u00d3POLIS, MACED\u00d4NIA, VIT\u00d3RIA BRASIL E DOLCIN\u00d3POLIS","indexacao":"CONV\u00caNIO - MEIO AMBIENTE","observacao":"","complemento":false,"data_vigencia":null,"timestamp":"2016-06-14T16:56:37-03:00","data_ultima_atualizacao":"2018-09-27T13:15:49.805557-03:00","ip":"","ultima_edicao":null,"tipo":1,"materia":null,"orgao":null,"user":null,"assuntos":[58,46,68],"autores":[]}