{"id":2336,"__str__":"Indica\u00e7\u00e3o n\u00ba 87 de 2023","link_detail_backend":"/materia/2336","metadata":{},"numero":87,"ano":2023,"numero_protocolo":197,"data_apresentacao":"2023-09-18","tipo_apresentacao":"E","data_publicacao":null,"numero_origem_externa":"","ano_origem_externa":null,"data_origem_externa":null,"apelido":"","dias_prazo":null,"data_fim_prazo":null,"em_tramitacao":false,"polemica":false,"objeto":"","complementar":false,"ementa":"Solicita promover a\u00e7\u00f5es para o Dia da Consci\u00eancia Negra, celebrar a data e promover a igualdade racial.","indexacao":"","observacao":"","resultado":"","texto_original":null,"data_ultima_atualizacao":"2023-10-17T15:27:18.941086-03:00","ip":"45.163.160.122","ultima_edicao":"2023-09-19T14:10:25.933567-03:00","tipo":8,"regime_tramitacao":1,"tipo_origem_externa":null,"local_origem_externa":null,"user":36,"anexadas":[],"autores":[1]}